{"id":753,"date":"2018-03-15T11:17:00","date_gmt":"2018-03-15T09:17:00","guid":{"rendered":"https:\/\/ectallinn2018.ee\/uudised\/free-public-transport-tallinn-europa-cantat-xx-participants\/"},"modified":"2018-03-15T11:34:24","modified_gmt":"2018-03-15T09:34:24","slug":"free-public-transport-tallinn-europa-cantat-xx-participants","status":"publish","type":"post","link":"https:\/\/ectallinn2018.ee\/et\/uudised\/free-public-transport-tallinn-europa-cantat-xx-participants\/","title":{"rendered":"Tallinn annab k\u00f5ikidele festivali EUROPA CANTAT XX osav\u00f5tjatele tasuta s\u00f5idu \u00f5iguse"},"content":{"rendered":"<figure id=\"attachment_752\" aria-describedby=\"caption-attachment-752\" style=\"width: 427px\" class=\"wp-caption alignright\"><img loading=\"lazy\" decoding=\"async\" class=\"wp-image-752 \" src=\"https:\/\/ectallinn2018.ee\/wp-content\/uploads\/2018\/03\/Tram_501_at_Hobujaama_Stop_in_Tallinn_2_June_2015-300x225.jpg\" alt=\"\" width=\"427\" height=\"321\" srcset=\"https:\/\/ectallinn2018.ee\/wp-content\/uploads\/2018\/03\/Tram_501_at_Hobujaama_Stop_in_Tallinn_2_June_2015-300x225.jpg 300w, https:\/\/ectallinn2018.ee\/wp-content\/uploads\/2018\/03\/Tram_501_at_Hobujaama_Stop_in_Tallinn_2_June_2015-768x576.jpg 768w, https:\/\/ectallinn2018.ee\/wp-content\/uploads\/2018\/03\/Tram_501_at_Hobujaama_Stop_in_Tallinn_2_June_2015-1024x768.jpg 1024w, https:\/\/ectallinn2018.ee\/wp-content\/uploads\/2018\/03\/Tram_501_at_Hobujaama_Stop_in_Tallinn_2_June_2015-64x48.jpg 64w\" sizes=\"(max-width: 427px) 100vw, 427px\" \/><figcaption id=\"caption-attachment-752\" class=\"wp-caption-text\">Photo: Pjotr Mehhonin \/ Wikimedia Commons<\/figcaption><\/figure>\n<p>Tallinna Linnavalitsus otsustas anda k\u00f5ikidele EUROPA CANTAT XX osav\u00f5tjatele tasuta s\u00f5idu \u00f5iguse kogu festivaliperioodiks! Festivali kaelakaart kehtib ka tasuta s\u00f5idu \u00f5iguse t\u00f5endina, mis t\u00e4hendab, et \u00fchistransporti kasutades tuleb vajadusel n\u00e4idata oma festivali osav\u00f5tukaarti.&nbsp;&nbsp;<\/p>\n<p>&#8220;Kuna festival toimub \u00fcle linna erinevates paikades ning \u00fchistranspordiliinid ja graafikud Tallinnas on v\u00e4ga mugavad ja head, on see otsus suureks abiks k\u00f5ikidele festivalil osalejatele nii osalusmugavuse poolest kui ka rahaliselt. Oleme t\u00e4nulikud Tallinna Linnavalitsusele, kes andis festivalile selle v\u00f5imaluse. See n\u00e4itab, et Tallinn on t\u00f5esti huvitatud sellest festivalist ning on t\u00e4nulik, et nii palju inimesi tuleb selleks ajaks \u00fcle kogu maailma&#8221; s\u00f5nas Kaie Tanner, festivali EUROPA CANTAT XX Tallinn 2018 peakorraldaja.<\/p>\n<p>Tasuta s\u00f5idu \u00f5igus kehtib k\u00f5ikidele osav\u00f5tjatele 27. juulist kuni 5. augustini 2018.<\/p>\n","protected":false},"excerpt":{"rendered":"<p>Tallinna Linnavalitsus otsustas anda k\u00f5ikidele EUROPA CANTAT XX osav\u00f5tjatele tasuta s\u00f5idu \u00f5iguse kogu festivaliperioodiks! Festivali kaelakaart kehtib ka tasuta s\u00f5idu&#8230;<\/p>\n","protected":false},"author":1,"featured_media":0,"comment_status":"closed","ping_status":"closed","sticky":false,"template":"","format":"standard","meta":{"_acf_changed":false,"ngg_post_thumbnail":0,"footnotes":"","_links_to":"","_links_to_target":""},"categories":[1],"tags":[],"acf":[],"yoast_head":"<!-- This site is optimized with the Yoast SEO plugin v22.7 - https:\/\/yoast.com\/wordpress\/plugins\/seo\/ -->\n<title>Tallinn annab k\u00f5ikidele festivali EUROPA CANTAT XX osav\u00f5tjatele tasuta s\u00f5idu \u00f5iguse - EUROPA CANTAT XX TALLINN 2018<\/title>\n<meta name=\"robots\" content=\"index, follow, max-snippet:-1, max-image-preview:large, max-video-preview:-1\" \/>\n<link rel=\"canonical\" href=\"https:\/\/ectallinn2018.ee\/news\/free-public-transport-tallinn-europa-cantat-xx-participants\/\" \/>\n<meta property=\"og:locale\" content=\"et_EE\" \/>\n<meta property=\"og:type\" content=\"article\" \/>\n<meta property=\"og:title\" content=\"Tallinn annab k\u00f5ikidele festivali EUROPA CANTAT XX osav\u00f5tjatele tasuta s\u00f5idu \u00f5iguse - EUROPA CANTAT XX TALLINN 2018\" \/>\n<meta property=\"og:description\" content=\"Tallinna Linnavalitsus otsustas anda k\u00f5ikidele EUROPA CANTAT XX osav\u00f5tjatele tasuta s\u00f5idu \u00f5iguse kogu festivaliperioodiks! Festivali kaelakaart kehtib ka tasuta s\u00f5idu...\" \/>\n<meta property=\"og:url\" content=\"https:\/\/ectallinn2018.ee\/news\/free-public-transport-tallinn-europa-cantat-xx-participants\/\" \/>\n<meta property=\"og:site_name\" content=\"EUROPA CANTAT XX TALLINN 2018\" \/>\n<meta property=\"article:published_time\" content=\"2018-03-15T09:17:00+00:00\" \/>\n<meta property=\"article:modified_time\" content=\"2018-03-15T09:34:24+00:00\" \/>\n<meta property=\"og:image\" content=\"https:\/\/ectallinn2018.ee\/wp-content\/uploads\/2018\/03\/Tram_501_at_Hobujaama_Stop_in_Tallinn_2_June_2015-300x225.jpg\" \/>\n<meta name=\"author\" content=\"admin\" \/>\n<meta name=\"twitter:card\" content=\"summary_large_image\" \/>\n<meta name=\"twitter:label1\" content=\"Written by\" \/>\n\t<meta name=\"twitter:data1\" content=\"admin\" \/>\n\t<meta name=\"twitter:label2\" content=\"Est. reading time\" \/>\n\t<meta name=\"twitter:data2\" content=\"1 minut\" \/>\n<script type=\"application\/ld+json\" class=\"yoast-schema-graph\">{\"@context\":\"https:\/\/schema.org\",\"@graph\":[{\"@type\":\"WebPage\",\"@id\":\"https:\/\/ectallinn2018.ee\/news\/free-public-transport-tallinn-europa-cantat-xx-participants\/\",\"url\":\"https:\/\/ectallinn2018.ee\/news\/free-public-transport-tallinn-europa-cantat-xx-participants\/\",\"name\":\"Tallinn annab k\u00f5ikidele festivali EUROPA CANTAT XX osav\u00f5tjatele tasuta s\u00f5idu \u00f5iguse - EUROPA CANTAT XX TALLINN 2018\",\"isPartOf\":{\"@id\":\"https:\/\/ectallinn2018.ee\/#website\"},\"primaryImageOfPage\":{\"@id\":\"https:\/\/ectallinn2018.ee\/news\/free-public-transport-tallinn-europa-cantat-xx-participants\/#primaryimage\"},\"image\":{\"@id\":\"https:\/\/ectallinn2018.ee\/news\/free-public-transport-tallinn-europa-cantat-xx-participants\/#primaryimage\"},\"thumbnailUrl\":\"https:\/\/ectallinn2018.ee\/wp-content\/uploads\/2018\/03\/Tram_501_at_Hobujaama_Stop_in_Tallinn_2_June_2015-300x225.jpg\",\"datePublished\":\"2018-03-15T09:17:00+00:00\",\"dateModified\":\"2018-03-15T09:34:24+00:00\",\"author\":{\"@id\":\"https:\/\/ectallinn2018.ee\/#\/schema\/person\/f1b693713e1761f169adea3aad41803f\"},\"breadcrumb\":{\"@id\":\"https:\/\/ectallinn2018.ee\/news\/free-public-transport-tallinn-europa-cantat-xx-participants\/#breadcrumb\"},\"inLanguage\":\"et\",\"potentialAction\":[{\"@type\":\"ReadAction\",\"target\":[\"https:\/\/ectallinn2018.ee\/news\/free-public-transport-tallinn-europa-cantat-xx-participants\/\"]}]},{\"@type\":\"ImageObject\",\"inLanguage\":\"et\",\"@id\":\"https:\/\/ectallinn2018.ee\/news\/free-public-transport-tallinn-europa-cantat-xx-participants\/#primaryimage\",\"url\":\"https:\/\/ectallinn2018.ee\/wp-content\/uploads\/2018\/03\/Tram_501_at_Hobujaama_Stop_in_Tallinn_2_June_2015-300x225.jpg\",\"contentUrl\":\"https:\/\/ectallinn2018.ee\/wp-content\/uploads\/2018\/03\/Tram_501_at_Hobujaama_Stop_in_Tallinn_2_June_2015-300x225.jpg\"},{\"@type\":\"BreadcrumbList\",\"@id\":\"https:\/\/ectallinn2018.ee\/news\/free-public-transport-tallinn-europa-cantat-xx-participants\/#breadcrumb\",\"itemListElement\":[{\"@type\":\"ListItem\",\"position\":1,\"name\":\"Home\",\"item\":\"https:\/\/ectallinn2018.ee\/et\/\"},{\"@type\":\"ListItem\",\"position\":2,\"name\":\"Tallinn annab k\u00f5ikidele festivali EUROPA CANTAT XX osav\u00f5tjatele tasuta s\u00f5idu \u00f5iguse\"}]},{\"@type\":\"WebSite\",\"@id\":\"https:\/\/ectallinn2018.ee\/#website\",\"url\":\"https:\/\/ectallinn2018.ee\/\",\"name\":\"EUROPA CANTAT XX TALLINN 2018\",\"description\":\"\",\"potentialAction\":[{\"@type\":\"SearchAction\",\"target\":{\"@type\":\"EntryPoint\",\"urlTemplate\":\"https:\/\/ectallinn2018.ee\/?s={search_term_string}\"},\"query-input\":\"required name=search_term_string\"}],\"inLanguage\":\"et\"},{\"@type\":\"Person\",\"@id\":\"https:\/\/ectallinn2018.ee\/#\/schema\/person\/f1b693713e1761f169adea3aad41803f\",\"name\":\"admin\",\"url\":\"https:\/\/ectallinn2018.ee\/et\/author\/admin\/\"}]}<\/script>\n<!-- \/ Yoast SEO plugin. -->","yoast_head_json":{"title":"Tallinn annab k\u00f5ikidele festivali EUROPA CANTAT XX osav\u00f5tjatele tasuta s\u00f5idu \u00f5iguse - EUROPA CANTAT XX TALLINN 2018","robots":{"index":"index","follow":"follow","max-snippet":"max-snippet:-1","max-image-preview":"max-image-preview:large","max-video-preview":"max-video-preview:-1"},"canonical":"https:\/\/ectallinn2018.ee\/news\/free-public-transport-tallinn-europa-cantat-xx-participants\/","og_locale":"et_EE","og_type":"article","og_title":"Tallinn annab k\u00f5ikidele festivali EUROPA CANTAT XX osav\u00f5tjatele tasuta s\u00f5idu \u00f5iguse - EUROPA CANTAT XX TALLINN 2018","og_description":"Tallinna Linnavalitsus otsustas anda k\u00f5ikidele EUROPA CANTAT XX osav\u00f5tjatele tasuta s\u00f5idu \u00f5iguse kogu festivaliperioodiks! Festivali kaelakaart kehtib ka tasuta s\u00f5idu...","og_url":"https:\/\/ectallinn2018.ee\/news\/free-public-transport-tallinn-europa-cantat-xx-participants\/","og_site_name":"EUROPA CANTAT XX TALLINN 2018","article_published_time":"2018-03-15T09:17:00+00:00","article_modified_time":"2018-03-15T09:34:24+00:00","og_image":[{"url":"https:\/\/ectallinn2018.ee\/wp-content\/uploads\/2018\/03\/Tram_501_at_Hobujaama_Stop_in_Tallinn_2_June_2015-300x225.jpg"}],"author":"admin","twitter_card":"summary_large_image","twitter_misc":{"Written by":"admin","Est. reading time":"1 minut"},"schema":{"@context":"https:\/\/schema.org","@graph":[{"@type":"WebPage","@id":"https:\/\/ectallinn2018.ee\/news\/free-public-transport-tallinn-europa-cantat-xx-participants\/","url":"https:\/\/ectallinn2018.ee\/news\/free-public-transport-tallinn-europa-cantat-xx-participants\/","name":"Tallinn annab k\u00f5ikidele festivali EUROPA CANTAT XX osav\u00f5tjatele tasuta s\u00f5idu \u00f5iguse - EUROPA CANTAT XX TALLINN 2018","isPartOf":{"@id":"https:\/\/ectallinn2018.ee\/#website"},"primaryImageOfPage":{"@id":"https:\/\/ectallinn2018.ee\/news\/free-public-transport-tallinn-europa-cantat-xx-participants\/#primaryimage"},"image":{"@id":"https:\/\/ectallinn2018.ee\/news\/free-public-transport-tallinn-europa-cantat-xx-participants\/#primaryimage"},"thumbnailUrl":"https:\/\/ectallinn2018.ee\/wp-content\/uploads\/2018\/03\/Tram_501_at_Hobujaama_Stop_in_Tallinn_2_June_2015-300x225.jpg","datePublished":"2018-03-15T09:17:00+00:00","dateModified":"2018-03-15T09:34:24+00:00","author":{"@id":"https:\/\/ectallinn2018.ee\/#\/schema\/person\/f1b693713e1761f169adea3aad41803f"},"breadcrumb":{"@id":"https:\/\/ectallinn2018.ee\/news\/free-public-transport-tallinn-europa-cantat-xx-participants\/#breadcrumb"},"inLanguage":"et","potentialAction":[{"@type":"ReadAction","target":["https:\/\/ectallinn2018.ee\/news\/free-public-transport-tallinn-europa-cantat-xx-participants\/"]}]},{"@type":"ImageObject","inLanguage":"et","@id":"https:\/\/ectallinn2018.ee\/news\/free-public-transport-tallinn-europa-cantat-xx-participants\/#primaryimage","url":"https:\/\/ectallinn2018.ee\/wp-content\/uploads\/2018\/03\/Tram_501_at_Hobujaama_Stop_in_Tallinn_2_June_2015-300x225.jpg","contentUrl":"https:\/\/ectallinn2018.ee\/wp-content\/uploads\/2018\/03\/Tram_501_at_Hobujaama_Stop_in_Tallinn_2_June_2015-300x225.jpg"},{"@type":"BreadcrumbList","@id":"https:\/\/ectallinn2018.ee\/news\/free-public-transport-tallinn-europa-cantat-xx-participants\/#breadcrumb","itemListElement":[{"@type":"ListItem","position":1,"name":"Home","item":"https:\/\/ectallinn2018.ee\/et\/"},{"@type":"ListItem","position":2,"name":"Tallinn annab k\u00f5ikidele festivali EUROPA CANTAT XX osav\u00f5tjatele tasuta s\u00f5idu \u00f5iguse"}]},{"@type":"WebSite","@id":"https:\/\/ectallinn2018.ee\/#website","url":"https:\/\/ectallinn2018.ee\/","name":"EUROPA CANTAT XX TALLINN 2018","description":"","potentialAction":[{"@type":"SearchAction","target":{"@type":"EntryPoint","urlTemplate":"https:\/\/ectallinn2018.ee\/?s={search_term_string}"},"query-input":"required name=search_term_string"}],"inLanguage":"et"},{"@type":"Person","@id":"https:\/\/ectallinn2018.ee\/#\/schema\/person\/f1b693713e1761f169adea3aad41803f","name":"admin","url":"https:\/\/ectallinn2018.ee\/et\/author\/admin\/"}]}},"_links":{"self":[{"href":"https:\/\/ectallinn2018.ee\/et\/wp-json\/wp\/v2\/posts\/753"}],"collection":[{"href":"https:\/\/ectallinn2018.ee\/et\/wp-json\/wp\/v2\/posts"}],"about":[{"href":"https:\/\/ectallinn2018.ee\/et\/wp-json\/wp\/v2\/types\/post"}],"author":[{"embeddable":true,"href":"https:\/\/ectallinn2018.ee\/et\/wp-json\/wp\/v2\/users\/1"}],"replies":[{"embeddable":true,"href":"https:\/\/ectallinn2018.ee\/et\/wp-json\/wp\/v2\/comments?post=753"}],"version-history":[{"count":0,"href":"https:\/\/ectallinn2018.ee\/et\/wp-json\/wp\/v2\/posts\/753\/revisions"}],"wp:attachment":[{"href":"https:\/\/ectallinn2018.ee\/et\/wp-json\/wp\/v2\/media?parent=753"}],"wp:term":[{"taxonomy":"category","embeddable":true,"href":"https:\/\/ectallinn2018.ee\/et\/wp-json\/wp\/v2\/categories?post=753"},{"taxonomy":"post_tag","embeddable":true,"href":"https:\/\/ectallinn2018.ee\/et\/wp-json\/wp\/v2\/tags?post=753"}],"curies":[{"name":"wp","href":"https:\/\/api.w.org\/{rel}","templated":true}]}}