{"id":749,"date":"2018-03-14T11:43:38","date_gmt":"2018-03-14T09:43:38","guid":{"rendered":"https:\/\/ectallinn2018.ee\/?p=749"},"modified":"2018-03-14T11:43:38","modified_gmt":"2018-03-14T09:43:38","slug":"festivalile-registreerimise-tahtaeg-30-aprill-2018","status":"publish","type":"post","link":"https:\/\/ectallinn2018.ee\/et\/uudised\/festivalile-registreerimise-tahtaeg-30-aprill-2018\/","title":{"rendered":"Festivalile registreerimise t\u00e4htaeg on 30. aprill 2018"},"content":{"rendered":"<p>Oluline teadaanne k\u00f5ikidele EUROPA CANTAT festivali s\u00f5pradele ja huvilistele &#8211; registreerimine festivalipakettidele <img loading=\"lazy\" decoding=\"async\" class=\" wp-image-750 alignright\" src=\"https:\/\/ectallinn2018.ee\/wp-content\/uploads\/2018\/03\/registreerimine-on-avatud-kuni-30.04.2018-300x213.jpg\" alt=\"\" width=\"387\" height=\"275\" srcset=\"https:\/\/ectallinn2018.ee\/wp-content\/uploads\/2018\/03\/registreerimine-on-avatud-kuni-30.04.2018-300x213.jpg 300w, https:\/\/ectallinn2018.ee\/wp-content\/uploads\/2018\/03\/registreerimine-on-avatud-kuni-30.04.2018-768x545.jpg 768w, https:\/\/ectallinn2018.ee\/wp-content\/uploads\/2018\/03\/registreerimine-on-avatud-kuni-30.04.2018-1024x726.jpg 1024w, https:\/\/ectallinn2018.ee\/wp-content\/uploads\/2018\/03\/registreerimine-on-avatud-kuni-30.04.2018-64x45.jpg 64w\" sizes=\"(max-width: 387px) 100vw, 387px\" \/>(kogu\/pool\/s\u00fcnnip\u00e4evakontsert) l\u00f5peb ning elektrooniline registreerimiss\u00fcsteem sulgub 30. aprillil 2018. Hilisemad muudatused tulevad teatada meilitsi aadressile&nbsp;<a href=\"mailto:info@ectallinn2018.ee\">info@ectallinn2018.ee<\/a><\/p>\n<p>Kel on veel huvi festivali vastu, aga pole end registreerinud, peab kiirustama!&nbsp;<\/p>\n<p>NB: \u00dchep\u00e4evasele osav\u00f5tule registreerimine algab veebilehel <strong>1. maist&nbsp;2018.<\/strong><\/p>\n","protected":false},"excerpt":{"rendered":"<p>Oluline teadaanne k\u00f5ikidele EUROPA CANTAT festivali s\u00f5pradele ja huvilistele &#8211; registreerimine festivalipakettidele (kogu\/pool\/s\u00fcnnip\u00e4evakontsert) l\u00f5peb ning elektrooniline registreerimiss\u00fcsteem sulgub 30. aprillil&#8230;<\/p>\n","protected":false},"author":1,"featured_media":0,"comment_status":"closed","ping_status":"closed","sticky":false,"template":"","format":"standard","meta":{"_acf_changed":false,"ngg_post_thumbnail":0,"footnotes":"","_links_to":"","_links_to_target":""},"categories":[1],"tags":[],"acf":[],"yoast_head":"<!-- This site is optimized with the Yoast SEO plugin v22.7 - https:\/\/yoast.com\/wordpress\/plugins\/seo\/ -->\n<title>Festivalile registreerimise t\u00e4htaeg on 30. aprill 2018 - EUROPA CANTAT XX TALLINN 2018<\/title>\n<meta name=\"robots\" content=\"index, follow, max-snippet:-1, max-image-preview:large, max-video-preview:-1\" \/>\n<link rel=\"canonical\" href=\"https:\/\/ectallinn2018.ee\/news\/deadline-registration-packages-april-30th-2018\/\" \/>\n<meta property=\"og:locale\" content=\"et_EE\" \/>\n<meta property=\"og:type\" content=\"article\" \/>\n<meta property=\"og:title\" content=\"Festivalile registreerimise t\u00e4htaeg on 30. aprill 2018 - EUROPA CANTAT XX TALLINN 2018\" \/>\n<meta property=\"og:description\" content=\"Oluline teadaanne k\u00f5ikidele EUROPA CANTAT festivali s\u00f5pradele ja huvilistele &#8211; registreerimine festivalipakettidele (kogu\/pool\/s\u00fcnnip\u00e4evakontsert) l\u00f5peb ning elektrooniline registreerimiss\u00fcsteem sulgub 30. aprillil...\" \/>\n<meta property=\"og:url\" content=\"https:\/\/ectallinn2018.ee\/news\/deadline-registration-packages-april-30th-2018\/\" \/>\n<meta property=\"og:site_name\" content=\"EUROPA CANTAT XX TALLINN 2018\" \/>\n<meta property=\"article:published_time\" content=\"2018-03-14T09:43:38+00:00\" \/>\n<meta property=\"og:image\" content=\"https:\/\/ectallinn2018.ee\/wp-content\/uploads\/2018\/03\/registreerimine-on-avatud-kuni-30.04.2018-300x213.jpg\" \/>\n<meta name=\"author\" content=\"admin\" \/>\n<meta name=\"twitter:card\" content=\"summary_large_image\" \/>\n<meta name=\"twitter:label1\" content=\"Written by\" \/>\n\t<meta name=\"twitter:data1\" content=\"admin\" \/>\n<script type=\"application\/ld+json\" class=\"yoast-schema-graph\">{\"@context\":\"https:\/\/schema.org\",\"@graph\":[{\"@type\":\"WebPage\",\"@id\":\"https:\/\/ectallinn2018.ee\/news\/deadline-registration-packages-april-30th-2018\/\",\"url\":\"https:\/\/ectallinn2018.ee\/news\/deadline-registration-packages-april-30th-2018\/\",\"name\":\"Festivalile registreerimise t\u00e4htaeg on 30. aprill 2018 - EUROPA CANTAT XX TALLINN 2018\",\"isPartOf\":{\"@id\":\"https:\/\/ectallinn2018.ee\/#website\"},\"primaryImageOfPage\":{\"@id\":\"https:\/\/ectallinn2018.ee\/news\/deadline-registration-packages-april-30th-2018\/#primaryimage\"},\"image\":{\"@id\":\"https:\/\/ectallinn2018.ee\/news\/deadline-registration-packages-april-30th-2018\/#primaryimage\"},\"thumbnailUrl\":\"https:\/\/ectallinn2018.ee\/wp-content\/uploads\/2018\/03\/registreerimine-on-avatud-kuni-30.04.2018-300x213.jpg\",\"datePublished\":\"2018-03-14T09:43:38+00:00\",\"dateModified\":\"2018-03-14T09:43:38+00:00\",\"author\":{\"@id\":\"https:\/\/ectallinn2018.ee\/#\/schema\/person\/f1b693713e1761f169adea3aad41803f\"},\"breadcrumb\":{\"@id\":\"https:\/\/ectallinn2018.ee\/news\/deadline-registration-packages-april-30th-2018\/#breadcrumb\"},\"inLanguage\":\"et\",\"potentialAction\":[{\"@type\":\"ReadAction\",\"target\":[\"https:\/\/ectallinn2018.ee\/news\/deadline-registration-packages-april-30th-2018\/\"]}]},{\"@type\":\"ImageObject\",\"inLanguage\":\"et\",\"@id\":\"https:\/\/ectallinn2018.ee\/news\/deadline-registration-packages-april-30th-2018\/#primaryimage\",\"url\":\"https:\/\/ectallinn2018.ee\/wp-content\/uploads\/2018\/03\/registreerimine-on-avatud-kuni-30.04.2018-300x213.jpg\",\"contentUrl\":\"https:\/\/ectallinn2018.ee\/wp-content\/uploads\/2018\/03\/registreerimine-on-avatud-kuni-30.04.2018-300x213.jpg\"},{\"@type\":\"BreadcrumbList\",\"@id\":\"https:\/\/ectallinn2018.ee\/news\/deadline-registration-packages-april-30th-2018\/#breadcrumb\",\"itemListElement\":[{\"@type\":\"ListItem\",\"position\":1,\"name\":\"Home\",\"item\":\"https:\/\/ectallinn2018.ee\/et\/\"},{\"@type\":\"ListItem\",\"position\":2,\"name\":\"Festivalile registreerimise t\u00e4htaeg on 30. aprill 2018\"}]},{\"@type\":\"WebSite\",\"@id\":\"https:\/\/ectallinn2018.ee\/#website\",\"url\":\"https:\/\/ectallinn2018.ee\/\",\"name\":\"EUROPA CANTAT XX TALLINN 2018\",\"description\":\"\",\"potentialAction\":[{\"@type\":\"SearchAction\",\"target\":{\"@type\":\"EntryPoint\",\"urlTemplate\":\"https:\/\/ectallinn2018.ee\/?s={search_term_string}\"},\"query-input\":\"required name=search_term_string\"}],\"inLanguage\":\"et\"},{\"@type\":\"Person\",\"@id\":\"https:\/\/ectallinn2018.ee\/#\/schema\/person\/f1b693713e1761f169adea3aad41803f\",\"name\":\"admin\",\"url\":\"https:\/\/ectallinn2018.ee\/et\/author\/admin\/\"}]}<\/script>\n<!-- \/ Yoast SEO plugin. -->","yoast_head_json":{"title":"Festivalile registreerimise t\u00e4htaeg on 30. aprill 2018 - EUROPA CANTAT XX TALLINN 2018","robots":{"index":"index","follow":"follow","max-snippet":"max-snippet:-1","max-image-preview":"max-image-preview:large","max-video-preview":"max-video-preview:-1"},"canonical":"https:\/\/ectallinn2018.ee\/news\/deadline-registration-packages-april-30th-2018\/","og_locale":"et_EE","og_type":"article","og_title":"Festivalile registreerimise t\u00e4htaeg on 30. aprill 2018 - EUROPA CANTAT XX TALLINN 2018","og_description":"Oluline teadaanne k\u00f5ikidele EUROPA CANTAT festivali s\u00f5pradele ja huvilistele &#8211; registreerimine festivalipakettidele (kogu\/pool\/s\u00fcnnip\u00e4evakontsert) l\u00f5peb ning elektrooniline registreerimiss\u00fcsteem sulgub 30. aprillil...","og_url":"https:\/\/ectallinn2018.ee\/news\/deadline-registration-packages-april-30th-2018\/","og_site_name":"EUROPA CANTAT XX TALLINN 2018","article_published_time":"2018-03-14T09:43:38+00:00","og_image":[{"url":"https:\/\/ectallinn2018.ee\/wp-content\/uploads\/2018\/03\/registreerimine-on-avatud-kuni-30.04.2018-300x213.jpg"}],"author":"admin","twitter_card":"summary_large_image","twitter_misc":{"Written by":"admin"},"schema":{"@context":"https:\/\/schema.org","@graph":[{"@type":"WebPage","@id":"https:\/\/ectallinn2018.ee\/news\/deadline-registration-packages-april-30th-2018\/","url":"https:\/\/ectallinn2018.ee\/news\/deadline-registration-packages-april-30th-2018\/","name":"Festivalile registreerimise t\u00e4htaeg on 30. aprill 2018 - EUROPA CANTAT XX TALLINN 2018","isPartOf":{"@id":"https:\/\/ectallinn2018.ee\/#website"},"primaryImageOfPage":{"@id":"https:\/\/ectallinn2018.ee\/news\/deadline-registration-packages-april-30th-2018\/#primaryimage"},"image":{"@id":"https:\/\/ectallinn2018.ee\/news\/deadline-registration-packages-april-30th-2018\/#primaryimage"},"thumbnailUrl":"https:\/\/ectallinn2018.ee\/wp-content\/uploads\/2018\/03\/registreerimine-on-avatud-kuni-30.04.2018-300x213.jpg","datePublished":"2018-03-14T09:43:38+00:00","dateModified":"2018-03-14T09:43:38+00:00","author":{"@id":"https:\/\/ectallinn2018.ee\/#\/schema\/person\/f1b693713e1761f169adea3aad41803f"},"breadcrumb":{"@id":"https:\/\/ectallinn2018.ee\/news\/deadline-registration-packages-april-30th-2018\/#breadcrumb"},"inLanguage":"et","potentialAction":[{"@type":"ReadAction","target":["https:\/\/ectallinn2018.ee\/news\/deadline-registration-packages-april-30th-2018\/"]}]},{"@type":"ImageObject","inLanguage":"et","@id":"https:\/\/ectallinn2018.ee\/news\/deadline-registration-packages-april-30th-2018\/#primaryimage","url":"https:\/\/ectallinn2018.ee\/wp-content\/uploads\/2018\/03\/registreerimine-on-avatud-kuni-30.04.2018-300x213.jpg","contentUrl":"https:\/\/ectallinn2018.ee\/wp-content\/uploads\/2018\/03\/registreerimine-on-avatud-kuni-30.04.2018-300x213.jpg"},{"@type":"BreadcrumbList","@id":"https:\/\/ectallinn2018.ee\/news\/deadline-registration-packages-april-30th-2018\/#breadcrumb","itemListElement":[{"@type":"ListItem","position":1,"name":"Home","item":"https:\/\/ectallinn2018.ee\/et\/"},{"@type":"ListItem","position":2,"name":"Festivalile registreerimise t\u00e4htaeg on 30. aprill 2018"}]},{"@type":"WebSite","@id":"https:\/\/ectallinn2018.ee\/#website","url":"https:\/\/ectallinn2018.ee\/","name":"EUROPA CANTAT XX TALLINN 2018","description":"","potentialAction":[{"@type":"SearchAction","target":{"@type":"EntryPoint","urlTemplate":"https:\/\/ectallinn2018.ee\/?s={search_term_string}"},"query-input":"required name=search_term_string"}],"inLanguage":"et"},{"@type":"Person","@id":"https:\/\/ectallinn2018.ee\/#\/schema\/person\/f1b693713e1761f169adea3aad41803f","name":"admin","url":"https:\/\/ectallinn2018.ee\/et\/author\/admin\/"}]}},"_links":{"self":[{"href":"https:\/\/ectallinn2018.ee\/et\/wp-json\/wp\/v2\/posts\/749"}],"collection":[{"href":"https:\/\/ectallinn2018.ee\/et\/wp-json\/wp\/v2\/posts"}],"about":[{"href":"https:\/\/ectallinn2018.ee\/et\/wp-json\/wp\/v2\/types\/post"}],"author":[{"embeddable":true,"href":"https:\/\/ectallinn2018.ee\/et\/wp-json\/wp\/v2\/users\/1"}],"replies":[{"embeddable":true,"href":"https:\/\/ectallinn2018.ee\/et\/wp-json\/wp\/v2\/comments?post=749"}],"version-history":[{"count":0,"href":"https:\/\/ectallinn2018.ee\/et\/wp-json\/wp\/v2\/posts\/749\/revisions"}],"wp:attachment":[{"href":"https:\/\/ectallinn2018.ee\/et\/wp-json\/wp\/v2\/media?parent=749"}],"wp:term":[{"taxonomy":"category","embeddable":true,"href":"https:\/\/ectallinn2018.ee\/et\/wp-json\/wp\/v2\/categories?post=749"},{"taxonomy":"post_tag","embeddable":true,"href":"https:\/\/ectallinn2018.ee\/et\/wp-json\/wp\/v2\/tags?post=749"}],"curies":[{"name":"wp","href":"https:\/\/api.w.org\/{rel}","templated":true}]}}