{"id":697,"date":"2017-12-28T12:10:04","date_gmt":"2017-12-28T10:10:04","guid":{"rendered":"https:\/\/ectallinn2018.ee\/uudised\/early-bird-registration-extended-january-7th-2018\/"},"modified":"2017-12-28T12:50:31","modified_gmt":"2017-12-28T10:50:31","slug":"early-bird-registration-extended-january-7th-2018","status":"publish","type":"post","link":"https:\/\/ectallinn2018.ee\/et\/uudised\/early-bird-registration-extended-january-7th-2018\/","title":{"rendered":"Registreerimise t\u00e4htaega on pikendatud 7. jaanuarini 2018!"},"content":{"rendered":"<p><a href=\"https:\/\/ectallinn2018.ee\/wp-content\/uploads\/2017\/12\/registreerimise-ta\u0308htaeg-pikenenud.jpg\"><img loading=\"lazy\" decoding=\"async\" class=\"wp-image-701  alignright\" src=\"https:\/\/ectallinn2018.ee\/wp-content\/uploads\/2017\/12\/registreerimise-ta\u0308htaeg-pikenenud-300x213.jpg\" alt=\"\" width=\"368\" height=\"260\" srcset=\"https:\/\/ectallinn2018.ee\/wp-content\/uploads\/2017\/12\/registreerimise-ta\u0308htaeg-pikenenud-300x213.jpg 300w, https:\/\/ectallinn2018.ee\/wp-content\/uploads\/2017\/12\/registreerimise-ta\u0308htaeg-pikenenud-768x545.jpg 768w, https:\/\/ectallinn2018.ee\/wp-content\/uploads\/2017\/12\/registreerimise-ta\u0308htaeg-pikenenud-1024x726.jpg 1024w, https:\/\/ectallinn2018.ee\/wp-content\/uploads\/2017\/12\/registreerimise-ta\u0308htaeg-pikenenud-64x45.jpg 64w\" sizes=\"(max-width: 368px) 100vw, 368px\" \/><\/a>T\u00e4htaeg EUROPA CANTAT festivalile registreerimiseks on pikendatud kuni 7. jaanuarini 2018.<br \/>\nSee t\u00e4hendab, et k\u00f5ik, kes registreerivad festivalile kuni 7. jaanuarini (k.a) ei pea maksma lisaks 20 EUR\/inimese kohta ning on garanteeritud koht \u00fchel kolmest valitud ateljeedest.&nbsp;<\/p>\n<p>20 EUR lisatakse registreerijatele ning maksmata registreerunutele alates 8. jaanuarist 2018!&nbsp;<\/p>\n","protected":false},"excerpt":{"rendered":"<p>T\u00e4htaeg EUROPA CANTAT festivalile registreerimiseks on pikendatud kuni 7. jaanuarini 2018. See t\u00e4hendab, et k\u00f5ik, kes registreerivad festivalile kuni 7&#8230;.<\/p>\n","protected":false},"author":1,"featured_media":0,"comment_status":"closed","ping_status":"closed","sticky":false,"template":"","format":"standard","meta":{"_acf_changed":false,"ngg_post_thumbnail":0,"footnotes":"","_links_to":"","_links_to_target":""},"categories":[1],"tags":[],"acf":[],"yoast_head":"<!-- This site is optimized with the Yoast SEO plugin v22.7 - https:\/\/yoast.com\/wordpress\/plugins\/seo\/ -->\n<title>Registreerimise t\u00e4htaega on pikendatud 7. jaanuarini 2018! - EUROPA CANTAT XX TALLINN 2018<\/title>\n<meta name=\"robots\" content=\"index, follow, max-snippet:-1, max-image-preview:large, max-video-preview:-1\" \/>\n<link rel=\"canonical\" href=\"https:\/\/ectallinn2018.ee\/news\/early-bird-registration-extended-january-7th-2018\/\" \/>\n<meta property=\"og:locale\" content=\"et_EE\" \/>\n<meta property=\"og:type\" content=\"article\" \/>\n<meta property=\"og:title\" content=\"Registreerimise t\u00e4htaega on pikendatud 7. jaanuarini 2018! - EUROPA CANTAT XX TALLINN 2018\" \/>\n<meta property=\"og:description\" content=\"T\u00e4htaeg EUROPA CANTAT festivalile registreerimiseks on pikendatud kuni 7. jaanuarini 2018. See t\u00e4hendab, et k\u00f5ik, kes registreerivad festivalile kuni 7....\" \/>\n<meta property=\"og:url\" content=\"https:\/\/ectallinn2018.ee\/news\/early-bird-registration-extended-january-7th-2018\/\" \/>\n<meta property=\"og:site_name\" content=\"EUROPA CANTAT XX TALLINN 2018\" \/>\n<meta property=\"article:published_time\" content=\"2017-12-28T10:10:04+00:00\" \/>\n<meta property=\"article:modified_time\" content=\"2017-12-28T10:50:31+00:00\" \/>\n<meta name=\"author\" content=\"admin\" \/>\n<meta name=\"twitter:card\" content=\"summary_large_image\" \/>\n<meta name=\"twitter:label1\" content=\"Written by\" \/>\n\t<meta name=\"twitter:data1\" content=\"admin\" \/>\n<script type=\"application\/ld+json\" class=\"yoast-schema-graph\">{\"@context\":\"https:\/\/schema.org\",\"@graph\":[{\"@type\":\"WebPage\",\"@id\":\"https:\/\/ectallinn2018.ee\/news\/early-bird-registration-extended-january-7th-2018\/\",\"url\":\"https:\/\/ectallinn2018.ee\/news\/early-bird-registration-extended-january-7th-2018\/\",\"name\":\"Registreerimise t\u00e4htaega on pikendatud 7. jaanuarini 2018! - EUROPA CANTAT XX TALLINN 2018\",\"isPartOf\":{\"@id\":\"https:\/\/ectallinn2018.ee\/#website\"},\"datePublished\":\"2017-12-28T10:10:04+00:00\",\"dateModified\":\"2017-12-28T10:50:31+00:00\",\"author\":{\"@id\":\"https:\/\/ectallinn2018.ee\/#\/schema\/person\/f1b693713e1761f169adea3aad41803f\"},\"breadcrumb\":{\"@id\":\"https:\/\/ectallinn2018.ee\/news\/early-bird-registration-extended-january-7th-2018\/#breadcrumb\"},\"inLanguage\":\"et\",\"potentialAction\":[{\"@type\":\"ReadAction\",\"target\":[\"https:\/\/ectallinn2018.ee\/news\/early-bird-registration-extended-january-7th-2018\/\"]}]},{\"@type\":\"BreadcrumbList\",\"@id\":\"https:\/\/ectallinn2018.ee\/news\/early-bird-registration-extended-january-7th-2018\/#breadcrumb\",\"itemListElement\":[{\"@type\":\"ListItem\",\"position\":1,\"name\":\"Home\",\"item\":\"https:\/\/ectallinn2018.ee\/et\/\"},{\"@type\":\"ListItem\",\"position\":2,\"name\":\"Registreerimise t\u00e4htaega on pikendatud 7. jaanuarini 2018!\"}]},{\"@type\":\"WebSite\",\"@id\":\"https:\/\/ectallinn2018.ee\/#website\",\"url\":\"https:\/\/ectallinn2018.ee\/\",\"name\":\"EUROPA CANTAT XX TALLINN 2018\",\"description\":\"\",\"potentialAction\":[{\"@type\":\"SearchAction\",\"target\":{\"@type\":\"EntryPoint\",\"urlTemplate\":\"https:\/\/ectallinn2018.ee\/?s={search_term_string}\"},\"query-input\":\"required name=search_term_string\"}],\"inLanguage\":\"et\"},{\"@type\":\"Person\",\"@id\":\"https:\/\/ectallinn2018.ee\/#\/schema\/person\/f1b693713e1761f169adea3aad41803f\",\"name\":\"admin\",\"url\":\"https:\/\/ectallinn2018.ee\/et\/author\/admin\/\"}]}<\/script>\n<!-- \/ Yoast SEO plugin. -->","yoast_head_json":{"title":"Registreerimise t\u00e4htaega on pikendatud 7. jaanuarini 2018! - EUROPA CANTAT XX TALLINN 2018","robots":{"index":"index","follow":"follow","max-snippet":"max-snippet:-1","max-image-preview":"max-image-preview:large","max-video-preview":"max-video-preview:-1"},"canonical":"https:\/\/ectallinn2018.ee\/news\/early-bird-registration-extended-january-7th-2018\/","og_locale":"et_EE","og_type":"article","og_title":"Registreerimise t\u00e4htaega on pikendatud 7. jaanuarini 2018! - EUROPA CANTAT XX TALLINN 2018","og_description":"T\u00e4htaeg EUROPA CANTAT festivalile registreerimiseks on pikendatud kuni 7. jaanuarini 2018. See t\u00e4hendab, et k\u00f5ik, kes registreerivad festivalile kuni 7....","og_url":"https:\/\/ectallinn2018.ee\/news\/early-bird-registration-extended-january-7th-2018\/","og_site_name":"EUROPA CANTAT XX TALLINN 2018","article_published_time":"2017-12-28T10:10:04+00:00","article_modified_time":"2017-12-28T10:50:31+00:00","author":"admin","twitter_card":"summary_large_image","twitter_misc":{"Written by":"admin"},"schema":{"@context":"https:\/\/schema.org","@graph":[{"@type":"WebPage","@id":"https:\/\/ectallinn2018.ee\/news\/early-bird-registration-extended-january-7th-2018\/","url":"https:\/\/ectallinn2018.ee\/news\/early-bird-registration-extended-january-7th-2018\/","name":"Registreerimise t\u00e4htaega on pikendatud 7. jaanuarini 2018! - EUROPA CANTAT XX TALLINN 2018","isPartOf":{"@id":"https:\/\/ectallinn2018.ee\/#website"},"datePublished":"2017-12-28T10:10:04+00:00","dateModified":"2017-12-28T10:50:31+00:00","author":{"@id":"https:\/\/ectallinn2018.ee\/#\/schema\/person\/f1b693713e1761f169adea3aad41803f"},"breadcrumb":{"@id":"https:\/\/ectallinn2018.ee\/news\/early-bird-registration-extended-january-7th-2018\/#breadcrumb"},"inLanguage":"et","potentialAction":[{"@type":"ReadAction","target":["https:\/\/ectallinn2018.ee\/news\/early-bird-registration-extended-january-7th-2018\/"]}]},{"@type":"BreadcrumbList","@id":"https:\/\/ectallinn2018.ee\/news\/early-bird-registration-extended-january-7th-2018\/#breadcrumb","itemListElement":[{"@type":"ListItem","position":1,"name":"Home","item":"https:\/\/ectallinn2018.ee\/et\/"},{"@type":"ListItem","position":2,"name":"Registreerimise t\u00e4htaega on pikendatud 7. jaanuarini 2018!"}]},{"@type":"WebSite","@id":"https:\/\/ectallinn2018.ee\/#website","url":"https:\/\/ectallinn2018.ee\/","name":"EUROPA CANTAT XX TALLINN 2018","description":"","potentialAction":[{"@type":"SearchAction","target":{"@type":"EntryPoint","urlTemplate":"https:\/\/ectallinn2018.ee\/?s={search_term_string}"},"query-input":"required name=search_term_string"}],"inLanguage":"et"},{"@type":"Person","@id":"https:\/\/ectallinn2018.ee\/#\/schema\/person\/f1b693713e1761f169adea3aad41803f","name":"admin","url":"https:\/\/ectallinn2018.ee\/et\/author\/admin\/"}]}},"_links":{"self":[{"href":"https:\/\/ectallinn2018.ee\/et\/wp-json\/wp\/v2\/posts\/697"}],"collection":[{"href":"https:\/\/ectallinn2018.ee\/et\/wp-json\/wp\/v2\/posts"}],"about":[{"href":"https:\/\/ectallinn2018.ee\/et\/wp-json\/wp\/v2\/types\/post"}],"author":[{"embeddable":true,"href":"https:\/\/ectallinn2018.ee\/et\/wp-json\/wp\/v2\/users\/1"}],"replies":[{"embeddable":true,"href":"https:\/\/ectallinn2018.ee\/et\/wp-json\/wp\/v2\/comments?post=697"}],"version-history":[{"count":0,"href":"https:\/\/ectallinn2018.ee\/et\/wp-json\/wp\/v2\/posts\/697\/revisions"}],"wp:attachment":[{"href":"https:\/\/ectallinn2018.ee\/et\/wp-json\/wp\/v2\/media?parent=697"}],"wp:term":[{"taxonomy":"category","embeddable":true,"href":"https:\/\/ectallinn2018.ee\/et\/wp-json\/wp\/v2\/categories?post=697"},{"taxonomy":"post_tag","embeddable":true,"href":"https:\/\/ectallinn2018.ee\/et\/wp-json\/wp\/v2\/tags?post=697"}],"curies":[{"name":"wp","href":"https:\/\/api.w.org\/{rel}","templated":true}]}}